{"id":1329,"date":"2026-09-03T09:50:11","date_gmt":"2026-09-03T07:50:11","guid":{"rendered":"https:\/\/cds05.fr\/?p=1329"},"modified":"2026-09-03T09:55:10","modified_gmt":"2026-09-03T07:55:10","slug":"clean-up-the-dark-x-journee-internationale-du-karst-cest-bientot","status":"publish","type":"post","link":"https:\/\/cds05.fr\/?p=1329","title":{"rendered":"Clean Up the Dark X Journ\u00e9e Internationale du Karst &#8211; c&rsquo;est bient\u00f4t !"},"content":{"rendered":"\n<p class=\"wp-block-paragraph\"><\/p>\n\n\n\n<div class=\"wp-block-columns is-layout-flex wp-container-core-columns-is-layout-8f761849 wp-block-columns-is-layout-flex\">\n<div class=\"wp-block-column is-layout-flow wp-block-column-is-layout-flow\" style=\"flex-basis:100%\">\n<figure class=\"wp-block-image size-large\"><img loading=\"lazy\" decoding=\"async\" width=\"750\" height=\"565\" src=\"https:\/\/cds05.fr\/wp-content\/uploads\/2026\/09\/PXL_20250811_0905340012-750x565.jpg\" alt=\"\" class=\"wp-image-1330\" srcset=\"https:\/\/cds05.fr\/wp-content\/uploads\/2026\/09\/PXL_20250811_0905340012-750x565.jpg 750w, https:\/\/cds05.fr\/wp-content\/uploads\/2026\/09\/PXL_20250811_0905340012-300x226.jpg 300w, https:\/\/cds05.fr\/wp-content\/uploads\/2026\/09\/PXL_20250811_0905340012-768x578.jpg 768w, https:\/\/cds05.fr\/wp-content\/uploads\/2026\/09\/PXL_20250811_0905340012-1536x1157.jpg 1536w, https:\/\/cds05.fr\/wp-content\/uploads\/2026\/09\/PXL_20250811_0905340012-2048x1542.jpg 2048w\" sizes=\"auto, (max-width: 750px) 100vw, 750px\" \/><figcaption class=\"wp-element-caption\">Les Flibustiers :  \u00e9troitures &#8230;<\/figcaption><\/figure>\n<\/div>\n<\/div>\n\n\n\n<p class=\"wp-block-paragraph\">Dans&nbsp;<strong>9 jours<\/strong>, les 12 et 13 septembre 2026, le CDSC 05 organise une op\u00e9ration de restauration environnementale au&nbsp;<strong>Chourum des Flibustiers<\/strong>, dans le massif du D\u00e9voluy, dans le cadre du programme national&nbsp;<strong>\u00ab Nettoyons le Noir \u00bb<\/strong>&nbsp;port\u00e9 par la F\u00e9d\u00e9ration Fran\u00e7aise de Sp\u00e9l\u00e9ologie.<\/p>\n\n\n\n<p class=\"wp-block-paragraph\">Des sp\u00e9l\u00e9ologues b\u00e9n\u00e9voles venus de plusieurs clubs et r\u00e9gions se mobiliseront pour\u00a0<strong>\u00e9vacuer le mat\u00e9riel de bivouac  et les cordes usag\u00e9es jusqu\u2019\u00e0 -310 m\u00e8tres<\/strong>.<\/p>\n\n\n\n<p class=\"wp-block-paragraph\">Cette action permettra de r\u00e9duire l\u2019impact des activit\u00e9s humaines et de contribuer \u00e0 la pr\u00e9servation de ce remarquable site karstique.<\/p>\n\n\n\n<p class=\"wp-block-paragraph\">Le week-end sera \u00e9galement l\u2019occasion de partager, d\u2019\u00e9changer et de sensibiliser autour de la\u00a0<strong>g\u00e9ologie, du karst et du patrimoine naturel du D\u00e9voluy<\/strong>.<br><br><em>Sur inscriptions &#8211; se rapprocher du CDSC05 pour tout renseignement. <\/em><\/p>\n\n\n\n<p class=\"wp-block-paragraph\">Merci \u00e0 Alex Vanhoutte (Escandaou) pour les photos. <\/p>\n\n\n\n<div class=\"wp-block-columns is-layout-flex wp-container-core-columns-is-layout-8f761849 wp-block-columns-is-layout-flex\">\n<div class=\"wp-block-column is-layout-flow wp-block-column-is-layout-flow\" style=\"flex-basis:100%\">\n<figure class=\"wp-block-image size-full\"><img decoding=\"async\" src=\"https:\/\/cds05.fr\/wp-content\/uploads\/2026\/09\/PXL_20250811_1011329552.jpg\" alt=\"\" class=\"wp-image-1331\"\/><figcaption class=\"wp-element-caption\">&#8230; et grands espaces !<\/figcaption><\/figure>\n<\/div>\n<\/div>\n\n\n\n<p class=\"wp-block-paragraph\"><\/p>\n","protected":false},"excerpt":{"rendered":"<p>Dans&nbsp;9 jours, les 12 et 13 septembre 2026, le CDSC 05 organise une op\u00e9ration de restauration environnementale au&nbsp;Chourum des Flibustiers, dans le massif du D\u00e9voluy, dans le cadre du programme national&nbsp;\u00ab Nettoyons le Noir \u00bb&nbsp;port\u00e9 par la F\u00e9d\u00e9ration Fran\u00e7aise de Sp\u00e9l\u00e9ologie. Des sp\u00e9l\u00e9ologues b\u00e9n\u00e9voles venus de plusieurs clubs et r\u00e9gions se mobiliseront pour\u00a0\u00e9vacuer le mat\u00e9riel &hellip; <a href=\"https:\/\/cds05.fr\/?p=1329\" class=\"more-link\">Continuer la lecture de <span class=\"screen-reader-text\">Clean Up the Dark X Journ\u00e9e Internationale du Karst &#8211; c&rsquo;est bient\u00f4t !<\/span>  <span class=\"meta-nav\">&rarr;<\/span><\/a><\/p>\n","protected":false},"author":8,"featured_media":1330,"comment_status":"closed","ping_status":"","sticky":false,"template":"","format":"standard","meta":{"footnotes":""},"categories":[4],"tags":[],"class_list":["post-1329","post","type-post","status-publish","format-standard","has-post-thumbnail","hentry","category-speleo"],"_links":{"self":[{"href":"https:\/\/cds05.fr\/index.php?rest_route=\/wp\/v2\/posts\/1329","targetHints":{"allow":["GET"]}}],"collection":[{"href":"https:\/\/cds05.fr\/index.php?rest_route=\/wp\/v2\/posts"}],"about":[{"href":"https:\/\/cds05.fr\/index.php?rest_route=\/wp\/v2\/types\/post"}],"author":[{"embeddable":true,"href":"https:\/\/cds05.fr\/index.php?rest_route=\/wp\/v2\/users\/8"}],"replies":[{"embeddable":true,"href":"https:\/\/cds05.fr\/index.php?rest_route=%2Fwp%2Fv2%2Fcomments&post=1329"}],"version-history":[{"count":3,"href":"https:\/\/cds05.fr\/index.php?rest_route=\/wp\/v2\/posts\/1329\/revisions"}],"predecessor-version":[{"id":1335,"href":"https:\/\/cds05.fr\/index.php?rest_route=\/wp\/v2\/posts\/1329\/revisions\/1335"}],"wp:featuredmedia":[{"embeddable":true,"href":"https:\/\/cds05.fr\/index.php?rest_route=\/wp\/v2\/media\/1330"}],"wp:attachment":[{"href":"https:\/\/cds05.fr\/index.php?rest_route=%2Fwp%2Fv2%2Fmedia&parent=1329"}],"wp:term":[{"taxonomy":"category","embeddable":true,"href":"https:\/\/cds05.fr\/index.php?rest_route=%2Fwp%2Fv2%2Fcategories&post=1329"},{"taxonomy":"post_tag","embeddable":true,"href":"https:\/\/cds05.fr\/index.php?rest_route=%2Fwp%2Fv2%2Ftags&post=1329"}],"curies":[{"name":"wp","href":"https:\/\/api.w.org\/{rel}","templated":true}]}}