{"id":281,"date":"2015-10-21T21:05:15","date_gmt":"2015-10-21T19:05:15","guid":{"rendered":"http:\/\/cds05.fr\/?p=281"},"modified":"2015-11-02T21:35:28","modified_gmt":"2015-11-02T20:35:28","slug":"chourum-des-allies","status":"publish","type":"post","link":"https:\/\/cds05.fr\/?p=281","title":{"rendered":"Chourum des Alli\u00e9s"},"content":{"rendered":"<figure id=\"attachment_295\" aria-describedby=\"caption-attachment-295\" style=\"width: 474px\" class=\"wp-caption aligncenter\"><a href=\"https:\/\/cds05.fr\/wp-content\/uploads\/2015\/10\/22023662994_c106f49e22_om.jpg\"><img loading=\"lazy\" decoding=\"async\" class=\"wp-image-295 size-large\" src=\"https:\/\/cds05.fr\/wp-content\/uploads\/2015\/10\/22023662994_c106f49e22_om-750x1000.jpg\" alt=\"22023662994_c106f49e22_om\" width=\"474\" height=\"632\" \/><\/a><figcaption id=\"caption-attachment-295\" class=\"wp-caption-text\">Un acc\u00e8s a\u00e9rien (photo : Christophe Boulangeat)<\/figcaption><\/figure>\n<p style=\"text-align: center;\"><span style=\"font-family: Comic Sans MS,cursive;\"><u><b>Une belle sortie inter-club<\/b><\/u><\/span><\/p>\n<p><span style=\"font-family: Comic Sans MS,cursive;\"><span style=\"font-size: small;\">Ce trou m&rsquo;avait fortement impressionn\u00e9 en 85 quand nous l\u2019avions fait avec la<\/span><\/span><span style=\"font-family: Comic Sans MS,cursive;\"><span style=\"font-size: small;\"> MJC de Veynes. A l&rsquo;\u00e9poque on avait bivouaqu\u00e9 dans la combe de la Fluvelle. On avait atteint la c\u00f4te de -150m environ\u00a0 dans une branche qui n&rsquo;\u00e9tait pas le fond (-197m). On \u00e9tait mont\u00e9 par le vallon du mas en 5h30.<\/span><\/span><!--more--><\/p>\n<p><span style=\"font-family: Comic Sans MS,cursive;\"><span style=\"font-size: small;\">Pour pr\u00e9parer cette sortie, il a fallu trois s\u00e9ances\u00a0: la premi\u00e8re fois je suis avec M<\/span><\/span><span style=\"font-family: Comic Sans MS,cursive;\"><span style=\"font-size: small;\">arianna qui\u00a0 a ouvert en escalade l&rsquo;acc\u00e8s direct par la combe du loup. En descendant, on a \u00e9quip\u00e9 en corde la cascade de la pisse. La deuxi\u00e8me fois avec Christophe, on a \u00e9quip\u00e9 l&rsquo;acc\u00e8s au chourum en descendant du trou (2320m). Une troisi\u00e8me fois, je suis mont\u00e9 seul pour amener quelques \u00abaffaires\u00a0\u00bb au pied de la cascade.<\/span><\/span><\/p>\n<figure id=\"attachment_283\" aria-describedby=\"caption-attachment-283\" style=\"width: 474px\" class=\"wp-caption alignleft\"><a href=\"https:\/\/cds05.fr\/wp-content\/uploads\/2015\/10\/DSCN2770m.jpg\"><img loading=\"lazy\" decoding=\"async\" class=\"wp-image-283 size-large\" src=\"https:\/\/cds05.fr\/wp-content\/uploads\/2015\/10\/DSCN2770m-750x563.jpg\" alt=\"DSCN2770m\" width=\"474\" height=\"356\" \/><\/a><figcaption id=\"caption-attachment-283\" class=\"wp-caption-text\">Vous avez vu : sans les mains ! (photo : Bernard Baudet)<\/figcaption><\/figure>\n<p><span style=\"font-family: Comic Sans MS,cursive;\"><span style=\"font-size: small;\">Ce 17 octobre<\/span><\/span><span style=\"font-family: Comic Sans MS,cursive;\"><span style=\"font-size: small;\">, \u00e0 quatre, nous partons \u00e0 dix heures de la voiture. Nous arrivons au trou environ cinq heures apr\u00e8s. Je descends avec du mat\u00e9riel pour commencer l&rsquo;\u00e9quipement. Les spits ne sont pas l\u00e9gion et le n\u00e9v\u00e9 est beaucoup plus bas, quinze m\u00e8tres environ, ce qui interdit l&rsquo;acc\u00e8s \u00e0 certai<\/span><\/span><span style=\"font-family: Comic Sans MS,cursive;\"><span style=\"font-size: small;\">ns amarrages. C&rsquo;est un peu compliqu\u00e9 car il faut suivre une vire pour acc\u00e9der au n\u00e9v\u00e9 de mani\u00e8re correcte. Je retrouve quelques amarrag<\/span><\/span><span style=\"font-family: Comic Sans MS,cursive;\"><span style=\"font-size: small;\">es (pitons et spits antiques). Ceux-ci sont devenus insuffisants, car la configuration de la cavit\u00e9 ayant \u00e9volu\u00e9, d\u2019autres amarrages sont n\u00e9cessaires. Je retrouve du vertical et Luc me remplace. L\u2019endroit est impressionnant car nous d\u00e9passons un grand plafond de glace dans un vide <\/span><\/span><span style=\"font-family: Comic Sans MS,cursive;\"><span style=\"font-size: small;\">important. Je le rejoins bient\u00f4t et nous ne parvenons pas \u00e0 d\u00e9passer la c\u00f4te de -155m par pincement entre glace et rocher.<\/span><\/span><\/p>\n<figure id=\"attachment_300\" aria-describedby=\"caption-attachment-300\" style=\"width: 474px\" class=\"wp-caption alignleft\"><a href=\"https:\/\/cds05.fr\/wp-content\/uploads\/2015\/10\/22658246591_8320c4eab9_om.jpg\"><img loading=\"lazy\" decoding=\"async\" class=\"wp-image-300 size-large\" src=\"https:\/\/cds05.fr\/wp-content\/uploads\/2015\/10\/22658246591_8320c4eab9_om-683x1024.jpg\" alt=\"22658246591_8320c4eab9_om\" width=\"474\" height=\"711\" \/><\/a><figcaption id=\"caption-attachment-300\" class=\"wp-caption-text\">Entre roche et glace (photo : Christophe Boulangeat)<\/figcaption><\/figure>\n<p><span style=\"font-family: Comic Sans MS,cursive;\"><span style=\"font-size: small;\">Nous n&rsquo;avons plus de goujons et nous commen\u00e7ons la remont\u00e9e. Il faudra revenir<\/span><\/span><span style=\"font-family: Comic Sans MS,cursive;\"><span style=\"font-size: small;\"> pour revoir le fond et l\u2019ensemble du trou. Pendant que Luc et Christophe d\u00e9s\u00e9quipent, je commence \u00e0 remonter \u00e0 cause de probl\u00e8mes intest<\/span><\/span><span style=\"font-family: Comic Sans MS,cursive;\"><span style=\"font-size: small;\">inaux qui me tourmentent. Nous sortons vers 21h30 et le d\u00e9s\u00e9quipement complet y compris dans les falaises nous prend un temps fou. Nous arrivon<\/span><\/span><span style=\"font-family: Comic Sans MS,cursive;\"><span style=\"font-size: small;\">s passablement fatigu\u00e9s \u00e0 deux heures du matin aux voitu<\/span><\/span><span style=\"font-family: Comic Sans MS,cursive;\"><span style=\"font-size: small;\">res. Merci aux copains d\u2019avoir all\u00e9g\u00e9 mon sac et s\u2019\u00eatre surcharg\u00e9s de cordes.<\/span><\/span><\/p>\n<p><span style=\"font-family: Times New Roman,serif;\"><span style=\"font-size: medium;\"><span style=\"font-family: Comic Sans MS,cursive;\"><span style=\"font-size: small;\"><b>Ce chourum reste d<\/b><\/span><\/span><\/span><\/span><span style=\"font-family: Times New Roman,serif;\"><span style=\"font-size: medium;\"><span style=\"font-family: Comic Sans MS,cursive;\"><span style=\"font-size: small;\"><b>angereux,<\/b> il faut l\u2019aborder prudemment.<\/span><\/span><span style=\"font-family: Comic Sans MS,cursive;\"><span style=\"font-size: small;\"> Mais <\/span><\/span><span style=\"font-family: Comic Sans MS,cursive;\"><span style=\"font-size: small;\">c\u2019est quand m\u00eame un endroit grandiose et <\/span><\/span><\/span><\/span><span style=\"font-family: Times New Roman,serif;\"><span style=\"font-size: medium;\"><span style=\"font-family: Comic Sans MS,cursive;\"><span style=\"font-size: small;\">magnifique.<\/span><\/span><\/span><\/span><\/p>\n<p><span style=\"font-family: Comic Sans MS,cursive;\"><span style=\"font-size: small;\">Pour y \u00eatre all\u00e9 quelques fois, j\u2019ai quelques remarques \u00e0 faire\u00a0: d\u2019abord la glace a \u00e9norm\u00e9ment fondu et de ce fait certaines parois ont \u00e9t\u00e9 d\u00e9gag\u00e9es et d\u00e9sta<\/span><\/span><span style=\"font-family: Comic Sans MS,cursive;\"><span style=\"font-size: small;\">bilis\u00e9es. Par endroit la neige \u00ab\u00a0goutte\u00a0\u00bb, les chutes de pierres et de glace constituent un risque non n\u00e9gligeable. Nous nous sommes arr\u00eat\u00e9s sur un \u00ab\u00a0palier\u00a0\u00bb de neige qui n\u2019avait pas l\u2019air \u00ab\u00a0solidaire de la paroi de glace\u00a0; est-ce que celui-ci a \u00ab\u00a0gliss\u00e9\u00a0\u00bb de quelques m\u00e8tres\u00a0?<\/span><\/span><\/p>\n<figure id=\"attachment_288\" aria-describedby=\"caption-attachment-288\" style=\"width: 474px\" class=\"wp-caption aligncenter\"><a href=\"https:\/\/cds05.fr\/wp-content\/uploads\/2015\/10\/DSCN2856m.jpg\"><img loading=\"lazy\" decoding=\"async\" class=\"wp-image-288 size-large\" src=\"https:\/\/cds05.fr\/wp-content\/uploads\/2015\/10\/DSCN2856m-750x652.jpg\" alt=\"DSCN2856m\" width=\"474\" height=\"412\" \/><\/a><figcaption id=\"caption-attachment-288\" class=\"wp-caption-text\">Le fond pour aujourd&rsquo;hui (photo : Bernard Baudet)<\/figcaption><\/figure>\n<p>Un acc\u00e8s tr\u00e8s montagne ! (photo : Christophe Boulangeat)<\/p>\n<p><span style=\"font-family: Comic Sans MS,cursive;\"><span style=\"font-size: small;\">La principale difficult\u00e9 de ce trou, reste l\u2019acc\u00e8s. Nous avons eu des soucis pour monter le mat\u00e9riel dans les deux \u00ab\u00a0ressauts\u00a0\u00bb de trente m\u00e8tres et l\u2019\u00e9boulis reste difficile \u00e0 gravir. L\u2019acc\u00e8s par le vallon du mas me semble plus facile. De plus la marche d\u2019approche peut \u00eatre r\u00e9duite si on monte le mat\u00e9riel avec un v\u00e9hicule tout terrain jusqu\u2019\u00e0 la Pierre Baudinard. On peut m\u00eame laisser une petite tente au col de la Fluvelle \u00e0 seulement vingt minutes du chourum. De m\u00e9moire, il y a un peu d\u2019eau dans la combe de la Fluvelle, une relique du glacier de la Fluvelle et on peut remonter de la neige du chourum.<\/span><\/span><\/p>\n<figure id=\"attachment_296\" aria-describedby=\"caption-attachment-296\" style=\"width: 474px\" class=\"wp-caption aligncenter\"><a href=\"https:\/\/cds05.fr\/wp-content\/uploads\/2015\/10\/22025329073_e5e7ae29f8_om.jpg\"><img loading=\"lazy\" decoding=\"async\" class=\"wp-image-296 size-large\" src=\"https:\/\/cds05.fr\/wp-content\/uploads\/2015\/10\/22025329073_e5e7ae29f8_om-750x563.jpg\" alt=\"22025329073_e5e7ae29f8_om\" width=\"474\" height=\"356\" \/><\/a><figcaption id=\"caption-attachment-296\" class=\"wp-caption-text\">Un acc\u00e8s montagne dans un d\u00e9cors min\u00e9ral ! (photo : Christophe Boulangeat)<\/figcaption><\/figure>\n<p><span style=\"font-family: Comic Sans MS,cursive;\"><span style=\"font-size: small;\">Participants\u00a0: Luc\u00a0 (club de st Marcel), Christophe (Gap), Pascal (caf Toulon), Marianna (Saint Didier) Bernard (chourum)<\/span><\/span><\/p>\n<p><strong>Bernard BAUDET (texte)<br \/>\n<\/strong><\/p>\n<p><span style=\"font-family: Times New Roman,serif;\"><span style=\"font-size: medium;\"><span style=\"font-family: Comic Sans MS,cursive;\"><span style=\"font-size: small;\"><b>A NOTER\u00a0: Nous avons mis en place une quinzaine de goujons (double expansion inox) et laiss\u00e9 les plaquettes en acier en place pour les futurs explorateurs<\/b><\/span><\/span><\/span><\/span><\/p>\n","protected":false},"excerpt":{"rendered":"<p>Une belle sortie inter-club Ce trou m&rsquo;avait fortement impressionn\u00e9 en 85 quand nous l\u2019avions fait avec la MJC de Veynes. A l&rsquo;\u00e9poque on avait bivouaqu\u00e9 dans la combe de la Fluvelle. On avait atteint la c\u00f4te de -150m environ\u00a0 dans une branche qui n&rsquo;\u00e9tait pas le fond (-197m). On \u00e9tait mont\u00e9 par le vallon du &hellip; <a href=\"https:\/\/cds05.fr\/?p=281\" class=\"more-link\">Continuer la lecture de <span class=\"screen-reader-text\">Chourum des Alli\u00e9s<\/span>  <span class=\"meta-nav\">&rarr;<\/span><\/a><\/p>\n","protected":false},"author":8,"featured_media":0,"comment_status":"closed","ping_status":"closed","sticky":false,"template":"","format":"standard","meta":{"footnotes":""},"categories":[4],"tags":[],"class_list":["post-281","post","type-post","status-publish","format-standard","hentry","category-speleo"],"_links":{"self":[{"href":"https:\/\/cds05.fr\/index.php?rest_route=\/wp\/v2\/posts\/281","targetHints":{"allow":["GET"]}}],"collection":[{"href":"https:\/\/cds05.fr\/index.php?rest_route=\/wp\/v2\/posts"}],"about":[{"href":"https:\/\/cds05.fr\/index.php?rest_route=\/wp\/v2\/types\/post"}],"author":[{"embeddable":true,"href":"https:\/\/cds05.fr\/index.php?rest_route=\/wp\/v2\/users\/8"}],"replies":[{"embeddable":true,"href":"https:\/\/cds05.fr\/index.php?rest_route=%2Fwp%2Fv2%2Fcomments&post=281"}],"version-history":[{"count":5,"href":"https:\/\/cds05.fr\/index.php?rest_route=\/wp\/v2\/posts\/281\/revisions"}],"predecessor-version":[{"id":302,"href":"https:\/\/cds05.fr\/index.php?rest_route=\/wp\/v2\/posts\/281\/revisions\/302"}],"wp:attachment":[{"href":"https:\/\/cds05.fr\/index.php?rest_route=%2Fwp%2Fv2%2Fmedia&parent=281"}],"wp:term":[{"taxonomy":"category","embeddable":true,"href":"https:\/\/cds05.fr\/index.php?rest_route=%2Fwp%2Fv2%2Fcategories&post=281"},{"taxonomy":"post_tag","embeddable":true,"href":"https:\/\/cds05.fr\/index.php?rest_route=%2Fwp%2Fv2%2Ftags&post=281"}],"curies":[{"name":"wp","href":"https:\/\/api.w.org\/{rel}","templated":true}]}}